{"id":1611,"date":"2017-06-09T10:25:54","date_gmt":"2017-06-09T10:25:54","guid":{"rendered":"https:\/\/flovacblog.wordpress.com\/?p=1611"},"modified":"2020-12-01T17:46:44","modified_gmt":"2020-12-01T15:46:44","slug":"juan-carlos-diaz-new-commercial-delegate-in-chile","status":"publish","type":"post","link":"https:\/\/flovac.es\/en\/news\/juan-carlos-diaz-new-commercial-delegate-in-chile\/","title":{"rendered":"Juan Carlos D\u00edaz, new commercial delegate in Chile"},"content":{"rendered":"<div id=\"dslc-theme-content\"><div id=\"dslc-theme-content-inner\"><h3><strong>Juan Carlos D\u00edaz, new Flovac commercial delegate in Chile<\/strong><\/h3>\n<p>According to Flovac\u2019s philosophy of being present in the countries where it works, a new commercial delegate has been appointed in Chile. The engineer Juan Carlos D\u00edaz will be in charge of handling the projects and attending the clients from the office of Providencia, in Santiago de Chile. The main goal is to bring the company closer to the clients we have in Chile.<\/p>\n<div id=\"attachment_3750\" style=\"width: 494px\" class=\"wp-caption aligncenter\"><img loading=\"lazy\" decoding=\"async\" aria-describedby=\"caption-attachment-3750\" class=\"wp-image-3750\" src=\"https:\/\/flovac.es\/wp-content\/uploads\/2016\/03\/Santiago-de-Chile.jpg\" alt=\"delegate\" width=\"484\" height=\"242\" srcset=\"https:\/\/flovac.es\/wp-content\/uploads\/2016\/03\/Santiago-de-Chile.jpg 1200w, https:\/\/flovac.es\/wp-content\/uploads\/2016\/03\/Santiago-de-Chile-300x150.jpg 300w, https:\/\/flovac.es\/wp-content\/uploads\/2016\/03\/Santiago-de-Chile-600x300.jpg 600w, https:\/\/flovac.es\/wp-content\/uploads\/2016\/03\/Santiago-de-Chile-768x384.jpg 768w\" sizes=\"auto, (max-width: 484px) 100vw, 484px\" \/><p id=\"caption-attachment-3750\" class=\"wp-caption-text\"><strong>Santiago de Chile<\/strong><\/p><\/div>\n<p>Juan Carlos D\u00edaz is licensed in Civil Engineering with specialization in Sanitary Engineering, and has more than 30 years of work experience in the water industry. He has coordinated multidisciplinary teams in the elaboration of projects of big water purification systems in the cities of Porto Alegre (R\u00edo Grande do Sul) and Niter\u00f3i (R\u00edo de Janeiro). He has also worked for the program of Service Water Depuration of Porto Alegre, among many other projects.<\/p>\n<p>In Chile, his main work focus will be on the Sanitary Constructions Metropolitan Company (EMOS S.A.). D\u00edaz will take part on technical commissions of the big projects of the company and he will work on the direction of the consulting group JJPI Ltda., where some sanitary projects have been developed.<\/p>\n<h3><strong>Flovac's presence in Chile<\/strong><\/h3>\n<p>Since Flovac's first project in Chile, the demand for this kind of technology has been increasing. The presence of Juan Carlos D\u00edaz in the country will facilitate the management of the company's projects and will get Flovac closer to Chile.<\/p>\n<p>Flovac's first project in the country was developed in the Llay-Llay area. Llay-Llay\u00a0is located about 95 km from Valpara\u00edso and almost 90 km north of the capital, Santiago de Chile. Flovac installed a vacuum sewerage network to serve 300 private homes spread over a 6,000-meter network. To read more about the project, <a href=\"https:\/\/flovac.es\/en\/news\/flovacs-first-installation-in-chile\/\" target=\"_blank\" rel=\"noopener noreferrer\">click here<\/a>.<\/p>\n<\/div><\/div>","protected":false},"excerpt":{"rendered":"<p>Juan Carlos D\u00edaz, new Flovac commercial delegate in Chile According to Flovac\u2019s philosophy of being present in the countries where it works, a new commercial delegate has been appointed in Chile. The engineer Juan Carlos D\u00edaz will be in charge of handling the projects and attending the clients from the office of Providencia, in Santiago [&hellip;]<\/p>\n","protected":false},"author":3,"featured_media":2706,"comment_status":"open","ping_status":"open","sticky":false,"template":"","format":"standard","meta":{"footnotes":""},"categories":[33],"tags":[],"class_list":["post-1611","post","type-post","status-publish","format-standard","has-post-thumbnail","hentry","category-news"],"yoast_head":"<!-- This site is optimized with the Yoast SEO plugin v27.3 - https:\/\/yoast.com\/product\/yoast-seo-wordpress\/ -->\n<title>Juan Carlos D\u00edaz, new commercial delegate in Chile<\/title>\n<meta name=\"description\" content=\"Juan Carlos D\u00edaz will be the new Flovac delegate in Chile. He will be in charge of the projects from the office of Providencia, in Santiago.\" \/>\n<meta name=\"robots\" content=\"index, follow, max-snippet:-1, max-image-preview:large, max-video-preview:-1\" \/>\n<link rel=\"canonical\" href=\"https:\/\/flovac.es\/en\/news\/juan-carlos-diaz-new-commercial-delegate-in-chile\/\" \/>\n<meta property=\"og:locale\" content=\"en_US\" \/>\n<meta property=\"og:type\" content=\"article\" \/>\n<meta property=\"og:title\" content=\"Juan Carlos D\u00edaz, new commercial delegate in Chile\" \/>\n<meta property=\"og:description\" content=\"Juan Carlos D\u00edaz will be the new Flovac delegate in Chile. He will be in charge of the projects from the office of Providencia, in Santiago.\" \/>\n<meta property=\"og:url\" content=\"https:\/\/flovac.es\/en\/news\/juan-carlos-diaz-new-commercial-delegate-in-chile\/\" \/>\n<meta property=\"og:site_name\" content=\"Flovac Sistema de Alcantarillado por Vac\u00edo\" \/>\n<meta property=\"article:published_time\" content=\"2017-06-09T10:25:54+00:00\" \/>\n<meta property=\"article:modified_time\" content=\"2020-12-01T15:46:44+00:00\" \/>\n<meta property=\"og:image\" content=\"https:\/\/flovac.es\/wp-content\/uploads\/2019\/01\/Chile.jpg\" \/>\n\t<meta property=\"og:image:width\" content=\"756\" \/>\n\t<meta property=\"og:image:height\" content=\"425\" \/>\n\t<meta property=\"og:image:type\" content=\"image\/jpeg\" \/>\n<meta name=\"author\" content=\"f.rodriguez@flovac.es\" \/>\n<meta name=\"twitter:card\" content=\"summary_large_image\" \/>\n<script type=\"application\/ld+json\" class=\"yoast-schema-graph\">{\"@context\":\"https:\\\/\\\/schema.org\",\"@graph\":[{\"@type\":\"Article\",\"@id\":\"https:\\\/\\\/flovac.es\\\/en\\\/news\\\/juan-carlos-diaz-new-commercial-delegate-in-chile\\\/#article\",\"isPartOf\":{\"@id\":\"https:\\\/\\\/flovac.es\\\/en\\\/news\\\/juan-carlos-diaz-new-commercial-delegate-in-chile\\\/\"},\"author\":{\"name\":\"f.rodriguez@flovac.es\",\"@id\":\"https:\\\/\\\/flovac.es\\\/#\\\/schema\\\/person\\\/158ca3c299748d24a92a75ebed593900\"},\"headline\":\"Juan Carlos D\u00edaz, new commercial delegate in Chile\",\"datePublished\":\"2017-06-09T10:25:54+00:00\",\"dateModified\":\"2020-12-01T15:46:44+00:00\",\"mainEntityOfPage\":{\"@id\":\"https:\\\/\\\/flovac.es\\\/en\\\/news\\\/juan-carlos-diaz-new-commercial-delegate-in-chile\\\/\"},\"wordCount\":326,\"commentCount\":0,\"publisher\":{\"@id\":\"https:\\\/\\\/flovac.es\\\/#organization\"},\"image\":{\"@id\":\"https:\\\/\\\/flovac.es\\\/en\\\/news\\\/juan-carlos-diaz-new-commercial-delegate-in-chile\\\/#primaryimage\"},\"thumbnailUrl\":\"https:\\\/\\\/flovac.es\\\/wp-content\\\/uploads\\\/2019\\\/01\\\/Chile.jpg\",\"articleSection\":[\"News\"],\"inLanguage\":\"en-US\",\"potentialAction\":[{\"@type\":\"CommentAction\",\"name\":\"Comment\",\"target\":[\"https:\\\/\\\/flovac.es\\\/en\\\/news\\\/juan-carlos-diaz-new-commercial-delegate-in-chile\\\/#respond\"]}]},{\"@type\":\"WebPage\",\"@id\":\"https:\\\/\\\/flovac.es\\\/en\\\/news\\\/juan-carlos-diaz-new-commercial-delegate-in-chile\\\/\",\"url\":\"https:\\\/\\\/flovac.es\\\/en\\\/news\\\/juan-carlos-diaz-new-commercial-delegate-in-chile\\\/\",\"name\":\"Juan Carlos D\u00edaz, new commercial delegate in Chile\",\"isPartOf\":{\"@id\":\"https:\\\/\\\/flovac.es\\\/#website\"},\"primaryImageOfPage\":{\"@id\":\"https:\\\/\\\/flovac.es\\\/en\\\/news\\\/juan-carlos-diaz-new-commercial-delegate-in-chile\\\/#primaryimage\"},\"image\":{\"@id\":\"https:\\\/\\\/flovac.es\\\/en\\\/news\\\/juan-carlos-diaz-new-commercial-delegate-in-chile\\\/#primaryimage\"},\"thumbnailUrl\":\"https:\\\/\\\/flovac.es\\\/wp-content\\\/uploads\\\/2019\\\/01\\\/Chile.jpg\",\"datePublished\":\"2017-06-09T10:25:54+00:00\",\"dateModified\":\"2020-12-01T15:46:44+00:00\",\"description\":\"Juan Carlos D\u00edaz will be the new Flovac delegate in Chile. He will be in charge of the projects from the office of Providencia, in Santiago.\",\"breadcrumb\":{\"@id\":\"https:\\\/\\\/flovac.es\\\/en\\\/news\\\/juan-carlos-diaz-new-commercial-delegate-in-chile\\\/#breadcrumb\"},\"inLanguage\":\"en-US\",\"potentialAction\":[{\"@type\":\"ReadAction\",\"target\":[\"https:\\\/\\\/flovac.es\\\/en\\\/news\\\/juan-carlos-diaz-new-commercial-delegate-in-chile\\\/\"]}]},{\"@type\":\"ImageObject\",\"inLanguage\":\"en-US\",\"@id\":\"https:\\\/\\\/flovac.es\\\/en\\\/news\\\/juan-carlos-diaz-new-commercial-delegate-in-chile\\\/#primaryimage\",\"url\":\"https:\\\/\\\/flovac.es\\\/wp-content\\\/uploads\\\/2019\\\/01\\\/Chile.jpg\",\"contentUrl\":\"https:\\\/\\\/flovac.es\\\/wp-content\\\/uploads\\\/2019\\\/01\\\/Chile.jpg\",\"width\":756,\"height\":425,\"caption\":\"Delegado en Chile\"},{\"@type\":\"BreadcrumbList\",\"@id\":\"https:\\\/\\\/flovac.es\\\/en\\\/news\\\/juan-carlos-diaz-new-commercial-delegate-in-chile\\\/#breadcrumb\",\"itemListElement\":[{\"@type\":\"ListItem\",\"position\":1,\"name\":\"Portada\",\"item\":\"https:\\\/\\\/flovac.es\\\/en\\\/\"},{\"@type\":\"ListItem\",\"position\":2,\"name\":\"Juan Carlos D\u00edaz, new commercial delegate in Chile\"}]},{\"@type\":\"WebSite\",\"@id\":\"https:\\\/\\\/flovac.es\\\/#website\",\"url\":\"https:\\\/\\\/flovac.es\\\/\",\"name\":\"Flovac Sistema de Alcantarillado por Vac\u00edo\",\"description\":\"El futuro verde del alcantarillado\",\"publisher\":{\"@id\":\"https:\\\/\\\/flovac.es\\\/#organization\"},\"potentialAction\":[{\"@type\":\"SearchAction\",\"target\":{\"@type\":\"EntryPoint\",\"urlTemplate\":\"https:\\\/\\\/flovac.es\\\/?s={search_term_string}\"},\"query-input\":{\"@type\":\"PropertyValueSpecification\",\"valueRequired\":true,\"valueName\":\"search_term_string\"}}],\"inLanguage\":\"en-US\"},{\"@type\":\"Organization\",\"@id\":\"https:\\\/\\\/flovac.es\\\/#organization\",\"name\":\"Flovac\",\"url\":\"https:\\\/\\\/flovac.es\\\/\",\"logo\":{\"@type\":\"ImageObject\",\"inLanguage\":\"en-US\",\"@id\":\"https:\\\/\\\/flovac.es\\\/#\\\/schema\\\/logo\\\/image\\\/\",\"url\":\"https:\\\/\\\/flovac.es\\\/wp-content\\\/uploads\\\/2017\\\/12\\\/flovac-logo.png\",\"contentUrl\":\"https:\\\/\\\/flovac.es\\\/wp-content\\\/uploads\\\/2017\\\/12\\\/flovac-logo.png\",\"width\":181,\"height\":43,\"caption\":\"Flovac\"},\"image\":{\"@id\":\"https:\\\/\\\/flovac.es\\\/#\\\/schema\\\/logo\\\/image\\\/\"},\"sameAs\":[\"https:\\\/\\\/www.linkedin.com\\\/company\\\/flow-vacuum-s.l.\",\"https:\\\/\\\/www.youtube.com\\\/channel\\\/UCIjTTBZWiDyGC_L7z5bfgOQ\"]},{\"@type\":\"Person\",\"@id\":\"https:\\\/\\\/flovac.es\\\/#\\\/schema\\\/person\\\/158ca3c299748d24a92a75ebed593900\",\"name\":\"f.rodriguez@flovac.es\",\"image\":{\"@type\":\"ImageObject\",\"inLanguage\":\"en-US\",\"@id\":\"https:\\\/\\\/secure.gravatar.com\\\/avatar\\\/5d16caa88de4d2a956ff2b613168deb589e931967391230c7eb98f4576372e6d?s=96&d=mm&r=g\",\"url\":\"https:\\\/\\\/secure.gravatar.com\\\/avatar\\\/5d16caa88de4d2a956ff2b613168deb589e931967391230c7eb98f4576372e6d?s=96&d=mm&r=g\",\"contentUrl\":\"https:\\\/\\\/secure.gravatar.com\\\/avatar\\\/5d16caa88de4d2a956ff2b613168deb589e931967391230c7eb98f4576372e6d?s=96&d=mm&r=g\",\"caption\":\"f.rodriguez@flovac.es\"}}]}<\/script>\n<!-- \/ Yoast SEO plugin. -->","yoast_head_json":{"title":"Juan Carlos D\u00edaz, new commercial delegate in Chile","description":"Juan Carlos D\u00edaz will be the new Flovac delegate in Chile. He will be in charge of the projects from the office of Providencia, in Santiago.","robots":{"index":"index","follow":"follow","max-snippet":"max-snippet:-1","max-image-preview":"max-image-preview:large","max-video-preview":"max-video-preview:-1"},"canonical":"https:\/\/flovac.es\/en\/news\/juan-carlos-diaz-new-commercial-delegate-in-chile\/","og_locale":"en_US","og_type":"article","og_title":"Juan Carlos D\u00edaz, new commercial delegate in Chile","og_description":"Juan Carlos D\u00edaz will be the new Flovac delegate in Chile. He will be in charge of the projects from the office of Providencia, in Santiago.","og_url":"https:\/\/flovac.es\/en\/news\/juan-carlos-diaz-new-commercial-delegate-in-chile\/","og_site_name":"Flovac Sistema de Alcantarillado por Vac\u00edo","article_published_time":"2017-06-09T10:25:54+00:00","article_modified_time":"2020-12-01T15:46:44+00:00","og_image":[{"width":756,"height":425,"url":"https:\/\/flovac.es\/wp-content\/uploads\/2019\/01\/Chile.jpg","type":"image\/jpeg"}],"author":"f.rodriguez@flovac.es","twitter_card":"summary_large_image","schema":{"@context":"https:\/\/schema.org","@graph":[{"@type":"Article","@id":"https:\/\/flovac.es\/en\/news\/juan-carlos-diaz-new-commercial-delegate-in-chile\/#article","isPartOf":{"@id":"https:\/\/flovac.es\/en\/news\/juan-carlos-diaz-new-commercial-delegate-in-chile\/"},"author":{"name":"f.rodriguez@flovac.es","@id":"https:\/\/flovac.es\/#\/schema\/person\/158ca3c299748d24a92a75ebed593900"},"headline":"Juan Carlos D\u00edaz, new commercial delegate in Chile","datePublished":"2017-06-09T10:25:54+00:00","dateModified":"2020-12-01T15:46:44+00:00","mainEntityOfPage":{"@id":"https:\/\/flovac.es\/en\/news\/juan-carlos-diaz-new-commercial-delegate-in-chile\/"},"wordCount":326,"commentCount":0,"publisher":{"@id":"https:\/\/flovac.es\/#organization"},"image":{"@id":"https:\/\/flovac.es\/en\/news\/juan-carlos-diaz-new-commercial-delegate-in-chile\/#primaryimage"},"thumbnailUrl":"https:\/\/flovac.es\/wp-content\/uploads\/2019\/01\/Chile.jpg","articleSection":["News"],"inLanguage":"en-US","potentialAction":[{"@type":"CommentAction","name":"Comment","target":["https:\/\/flovac.es\/en\/news\/juan-carlos-diaz-new-commercial-delegate-in-chile\/#respond"]}]},{"@type":"WebPage","@id":"https:\/\/flovac.es\/en\/news\/juan-carlos-diaz-new-commercial-delegate-in-chile\/","url":"https:\/\/flovac.es\/en\/news\/juan-carlos-diaz-new-commercial-delegate-in-chile\/","name":"Juan Carlos D\u00edaz, new commercial delegate in Chile","isPartOf":{"@id":"https:\/\/flovac.es\/#website"},"primaryImageOfPage":{"@id":"https:\/\/flovac.es\/en\/news\/juan-carlos-diaz-new-commercial-delegate-in-chile\/#primaryimage"},"image":{"@id":"https:\/\/flovac.es\/en\/news\/juan-carlos-diaz-new-commercial-delegate-in-chile\/#primaryimage"},"thumbnailUrl":"https:\/\/flovac.es\/wp-content\/uploads\/2019\/01\/Chile.jpg","datePublished":"2017-06-09T10:25:54+00:00","dateModified":"2020-12-01T15:46:44+00:00","description":"Juan Carlos D\u00edaz will be the new Flovac delegate in Chile. He will be in charge of the projects from the office of Providencia, in Santiago.","breadcrumb":{"@id":"https:\/\/flovac.es\/en\/news\/juan-carlos-diaz-new-commercial-delegate-in-chile\/#breadcrumb"},"inLanguage":"en-US","potentialAction":[{"@type":"ReadAction","target":["https:\/\/flovac.es\/en\/news\/juan-carlos-diaz-new-commercial-delegate-in-chile\/"]}]},{"@type":"ImageObject","inLanguage":"en-US","@id":"https:\/\/flovac.es\/en\/news\/juan-carlos-diaz-new-commercial-delegate-in-chile\/#primaryimage","url":"https:\/\/flovac.es\/wp-content\/uploads\/2019\/01\/Chile.jpg","contentUrl":"https:\/\/flovac.es\/wp-content\/uploads\/2019\/01\/Chile.jpg","width":756,"height":425,"caption":"Delegado en Chile"},{"@type":"BreadcrumbList","@id":"https:\/\/flovac.es\/en\/news\/juan-carlos-diaz-new-commercial-delegate-in-chile\/#breadcrumb","itemListElement":[{"@type":"ListItem","position":1,"name":"Portada","item":"https:\/\/flovac.es\/en\/"},{"@type":"ListItem","position":2,"name":"Juan Carlos D\u00edaz, new commercial delegate in Chile"}]},{"@type":"WebSite","@id":"https:\/\/flovac.es\/#website","url":"https:\/\/flovac.es\/","name":"Flovac Sistema de Alcantarillado por Vac\u00edo","description":"El futuro verde del alcantarillado","publisher":{"@id":"https:\/\/flovac.es\/#organization"},"potentialAction":[{"@type":"SearchAction","target":{"@type":"EntryPoint","urlTemplate":"https:\/\/flovac.es\/?s={search_term_string}"},"query-input":{"@type":"PropertyValueSpecification","valueRequired":true,"valueName":"search_term_string"}}],"inLanguage":"en-US"},{"@type":"Organization","@id":"https:\/\/flovac.es\/#organization","name":"Flovac","url":"https:\/\/flovac.es\/","logo":{"@type":"ImageObject","inLanguage":"en-US","@id":"https:\/\/flovac.es\/#\/schema\/logo\/image\/","url":"https:\/\/flovac.es\/wp-content\/uploads\/2017\/12\/flovac-logo.png","contentUrl":"https:\/\/flovac.es\/wp-content\/uploads\/2017\/12\/flovac-logo.png","width":181,"height":43,"caption":"Flovac"},"image":{"@id":"https:\/\/flovac.es\/#\/schema\/logo\/image\/"},"sameAs":["https:\/\/www.linkedin.com\/company\/flow-vacuum-s.l.","https:\/\/www.youtube.com\/channel\/UCIjTTBZWiDyGC_L7z5bfgOQ"]},{"@type":"Person","@id":"https:\/\/flovac.es\/#\/schema\/person\/158ca3c299748d24a92a75ebed593900","name":"f.rodriguez@flovac.es","image":{"@type":"ImageObject","inLanguage":"en-US","@id":"https:\/\/secure.gravatar.com\/avatar\/5d16caa88de4d2a956ff2b613168deb589e931967391230c7eb98f4576372e6d?s=96&d=mm&r=g","url":"https:\/\/secure.gravatar.com\/avatar\/5d16caa88de4d2a956ff2b613168deb589e931967391230c7eb98f4576372e6d?s=96&d=mm&r=g","contentUrl":"https:\/\/secure.gravatar.com\/avatar\/5d16caa88de4d2a956ff2b613168deb589e931967391230c7eb98f4576372e6d?s=96&d=mm&r=g","caption":"f.rodriguez@flovac.es"}}]}},"_links":{"self":[{"href":"https:\/\/flovac.es\/en\/wp-json\/wp\/v2\/posts\/1611","targetHints":{"allow":["GET"]}}],"collection":[{"href":"https:\/\/flovac.es\/en\/wp-json\/wp\/v2\/posts"}],"about":[{"href":"https:\/\/flovac.es\/en\/wp-json\/wp\/v2\/types\/post"}],"author":[{"embeddable":true,"href":"https:\/\/flovac.es\/en\/wp-json\/wp\/v2\/users\/3"}],"replies":[{"embeddable":true,"href":"https:\/\/flovac.es\/en\/wp-json\/wp\/v2\/comments?post=1611"}],"version-history":[{"count":9,"href":"https:\/\/flovac.es\/en\/wp-json\/wp\/v2\/posts\/1611\/revisions"}],"predecessor-version":[{"id":4660,"href":"https:\/\/flovac.es\/en\/wp-json\/wp\/v2\/posts\/1611\/revisions\/4660"}],"wp:featuredmedia":[{"embeddable":true,"href":"https:\/\/flovac.es\/en\/wp-json\/wp\/v2\/media\/2706"}],"wp:attachment":[{"href":"https:\/\/flovac.es\/en\/wp-json\/wp\/v2\/media?parent=1611"}],"wp:term":[{"taxonomy":"category","embeddable":true,"href":"https:\/\/flovac.es\/en\/wp-json\/wp\/v2\/categories?post=1611"},{"taxonomy":"post_tag","embeddable":true,"href":"https:\/\/flovac.es\/en\/wp-json\/wp\/v2\/tags?post=1611"}],"curies":[{"name":"wp","href":"https:\/\/api.w.org\/{rel}","templated":true}]}}